{"id":9647,"date":"2026-08-26T08:54:00","date_gmt":"2026-08-26T06:54:00","guid":{"rendered":"https:\/\/paroisse-jemeppe-onoz.be\/paroisse\/onoz\/?p=9647"},"modified":"2026-09-02T18:16:12","modified_gmt":"2026-09-02T16:16:12","slug":"deces-en-aout-2026","status":"publish","type":"post","link":"https:\/\/paroisse-jemeppe-onoz.be\/paroisse\/onoz\/2026\/08\/26\/deces-en-aout-2026\/","title":{"rendered":"D\u00e9c\u00e8s en ao\u00fbt 2026"},"content":{"rendered":"\t\t<div data-elementor-type=\"wp-post\" data-elementor-id=\"9647\" class=\"elementor elementor-9647\">\n\t\t\t\t<div class=\"elementor-element elementor-element-64b692f e-con-full e-flex e-con e-child\" data-id=\"64b692f\" data-element_type=\"container\" data-e-type=\"container\" data-settings=\"{&quot;background_background&quot;:&quot;classic&quot;}\">\n\t\t\t\t<div class=\"elementor-element elementor-element-e939185 elementor-widget elementor-widget-text-editor\" data-id=\"e939185\" data-element_type=\"widget\" data-e-type=\"widget\" data-widget_type=\"text-editor.default\">\n\t\t\t\t\t\t\t\t\t<p>Ida <strong>HAUBRUGE<\/strong>,<br \/>d\u00e9c\u00e9d\u00e9e \u00e0 Onoz le 25 ao\u00fbt 2026 \u00e0 l&rsquo;\u00e2ge de 91 ans,\u00a0<br \/>rue de Fayat n\u00b025 \u00e0 5190 Onoz<\/p><p>Les fun\u00e9railles auront lieu le vendredi 28 ao\u00fbt 2026 \u00e0 10h30 \u00e0 l&rsquo;\u00e9glise d&rsquo;Onoz suivies de l&rsquo;inhumation au cimeti\u00e8re d&rsquo;Onoz<\/p><p><a href=\"https:\/\/www.defunt.be\/index.php?pageid=130&amp;action=details&amp;id=51419\" target=\"_blank\" rel=\"noopener\">Faire-part<\/a><\/p>\t\t\t\t\t\t\t\t<\/div>\n\t\t\t\t<\/div>\n\t\t<div class=\"elementor-element elementor-element-8cd6846 e-con-full e-flex e-con e-child\" data-id=\"8cd6846\" data-element_type=\"container\" data-e-type=\"container\" data-settings=\"{&quot;background_background&quot;:&quot;classic&quot;}\">\n\t\t\t\t<div class=\"elementor-element elementor-element-e21fd47 elementor-widget elementor-widget-text-editor\" data-id=\"e21fd47\" data-element_type=\"widget\" data-e-type=\"widget\" data-widget_type=\"text-editor.default\">\n\t\t\t\t\t\t\t\t\t<p>Philippe <strong>NONNVEILER<\/strong>, \u00e9poux de Nathalie <strong>DEBUISSON<\/strong>,<br \/>d\u00e9c\u00e9d\u00e9 \u00e0 Auvelais le 31 ao\u00fbt 2026 \u00e0 l&rsquo;\u00e2ge de 53 ans,\u00a0<br \/>rue du Palton n\u00b014 \u00e0 5060 Arsimont<\/p><p>Les absoutes auront lieu le vendredi 4 septembre 2026 \u00e0 10h30 \u00e0 l&rsquo;\u00e9glise d&rsquo;Onoz suivies de l&rsquo;inhumation au cimeti\u00e8re d&rsquo;Onoz<\/p><p><a href=\"https:\/\/www.defunt.be\/index.php?pageid=130&amp;action=details&amp;id=51441\" target=\"_blank\" rel=\"noopener\">Faire-part<\/a><\/p>\t\t\t\t\t\t\t\t<\/div>\n\t\t\t\t<\/div>\n\t\t\t\t<\/div>\n\t\t","protected":false},"excerpt":{"rendered":"<p>Ida HAUBRUGE,d\u00e9c\u00e9d\u00e9e \u00e0 Onoz le 25 ao\u00fbt 2026 \u00e0 l&rsquo;\u00e2ge de 91 ans,\u00a0rue de Fayat n\u00b025 \u00e0 5190 Onoz Les fun\u00e9railles auront lieu le vendredi 28 ao\u00fbt 2026 \u00e0 10h30 \u00e0 l&rsquo;\u00e9glise d&rsquo;Onoz suivies de l&rsquo;inhumation au cimeti\u00e8re d&rsquo;Onoz Faire-part Philippe NONNVEILER, \u00e9poux de Nathalie DEBUISSON,d\u00e9c\u00e9d\u00e9 \u00e0 Auvelais le 31 ao\u00fbt 2026 \u00e0 l&rsquo;\u00e2ge de&#8230;<\/p>\n","protected":false},"author":1,"featured_media":0,"comment_status":"open","ping_status":"open","sticky":false,"template":"","format":"standard","meta":{"_kad_post_transparent":"","_kad_post_title":"","_kad_post_layout":"","_kad_post_sidebar_id":"","_kad_post_content_style":"","_kad_post_vertical_padding":"","_kad_post_feature":"","_kad_post_feature_position":"","_kad_post_header":false,"_kad_post_footer":false,"_kad_post_classname":"","_jetpack_memberships_contains_paid_content":false,"footnotes":""},"categories":[7],"tags":[],"class_list":["post-9647","post","type-post","status-publish","format-standard","hentry","category-deces"],"jetpack_featured_media_url":"","views":"","jetpack_sharing_enabled":true,"_links":{"self":[{"href":"https:\/\/paroisse-jemeppe-onoz.be\/paroisse\/onoz\/wp-json\/wp\/v2\/posts\/9647","targetHints":{"allow":["GET"]}}],"collection":[{"href":"https:\/\/paroisse-jemeppe-onoz.be\/paroisse\/onoz\/wp-json\/wp\/v2\/posts"}],"about":[{"href":"https:\/\/paroisse-jemeppe-onoz.be\/paroisse\/onoz\/wp-json\/wp\/v2\/types\/post"}],"author":[{"embeddable":true,"href":"https:\/\/paroisse-jemeppe-onoz.be\/paroisse\/onoz\/wp-json\/wp\/v2\/users\/1"}],"replies":[{"embeddable":true,"href":"https:\/\/paroisse-jemeppe-onoz.be\/paroisse\/onoz\/wp-json\/wp\/v2\/comments?post=9647"}],"version-history":[{"count":13,"href":"https:\/\/paroisse-jemeppe-onoz.be\/paroisse\/onoz\/wp-json\/wp\/v2\/posts\/9647\/revisions"}],"predecessor-version":[{"id":9671,"href":"https:\/\/paroisse-jemeppe-onoz.be\/paroisse\/onoz\/wp-json\/wp\/v2\/posts\/9647\/revisions\/9671"}],"wp:attachment":[{"href":"https:\/\/paroisse-jemeppe-onoz.be\/paroisse\/onoz\/wp-json\/wp\/v2\/media?parent=9647"}],"wp:term":[{"taxonomy":"category","embeddable":true,"href":"https:\/\/paroisse-jemeppe-onoz.be\/paroisse\/onoz\/wp-json\/wp\/v2\/categories?post=9647"},{"taxonomy":"post_tag","embeddable":true,"href":"https:\/\/paroisse-jemeppe-onoz.be\/paroisse\/onoz\/wp-json\/wp\/v2\/tags?post=9647"}],"curies":[{"name":"wp","href":"https:\/\/api.w.org\/{rel}","templated":true}]}}