{"id":9616,"date":"2026-08-20T14:33:38","date_gmt":"2026-08-20T12:33:38","guid":{"rendered":"https:\/\/paroisse-jemeppe-onoz.be\/paroisse\/onoz\/?p=9616"},"modified":"2026-08-20T14:50:19","modified_gmt":"2026-08-20T12:50:19","slug":"lassomption-a-la-chapelle-de-montserrat-2","status":"publish","type":"post","link":"https:\/\/paroisse-jemeppe-onoz.be\/paroisse\/onoz\/2026\/08\/20\/lassomption-a-la-chapelle-de-montserrat-2\/","title":{"rendered":"L\u2019assomption \u00e0 la chapelle de Montserrat"},"content":{"rendered":"\t\t<div data-elementor-type=\"wp-post\" data-elementor-id=\"9616\" class=\"elementor elementor-9616\">\n\t\t\t\t<div class=\"elementor-element elementor-element-707dee3 e-flex e-con-boxed e-con e-parent\" data-id=\"707dee3\" data-element_type=\"container\" data-e-type=\"container\">\n\t\t\t\t\t<div class=\"e-con-inner\">\n\t\t\t\t<div class=\"elementor-element elementor-element-4b57b86 elementor-widget elementor-widget-text-editor\" data-id=\"4b57b86\" data-element_type=\"widget\" data-e-type=\"widget\" data-widget_type=\"text-editor.default\">\n\t\t\t\t\t\t\t\t\t<p>Le 15 ao\u00fbt, comme chaque ann\u00e9e, la messe de l&rsquo;Assomption s&rsquo;est d\u00e9roul\u00e9e \u00e0 la chapelle de Montserrat.<\/p><p>Le feuillet de la messe peut-\u00eatre consult\u00e9 <span style=\"text-decoration: underline;\"><strong><span style=\"color: #339966; text-decoration: underline;\"><a style=\"color: #339966; text-decoration: underline;\" href=\"https:\/\/paroisse-jemeppe-onoz.be\/paroisse\/onoz\/wp-content\/uploads\/sites\/3\/2026\/07\/Msassomption_26.pdf\">ici<\/a><\/span><\/strong><\/span>.<\/p>\t\t\t\t\t\t\t\t<\/div>\n\t\t\t\t\t<\/div>\n\t\t\t\t<\/div>\n\t\t<div class=\"elementor-element elementor-element-9b2bed7 e-flex e-con-boxed e-con e-parent\" data-id=\"9b2bed7\" data-element_type=\"container\" data-e-type=\"container\">\n\t\t\t\t\t<div class=\"e-con-inner\">\n\t\t\t\t<div class=\"elementor-element elementor-element-2dc394c elementor-widget elementor-widget-image\" data-id=\"2dc394c\" data-element_type=\"widget\" data-e-type=\"widget\" data-widget_type=\"image.default\">\n\t\t\t\t\t\t\t\t\t\t\t\t\t\t\t<img fetchpriority=\"high\" decoding=\"async\" width=\"768\" height=\"512\" src=\"https:\/\/paroisse-jemeppe-onoz.be\/paroisse\/onoz\/wp-content\/uploads\/sites\/3\/2026\/08\/DSCF2650-1-768x512.jpg\" class=\"attachment-medium_large size-medium_large wp-image-9620\" alt=\"\" srcset=\"https:\/\/paroisse-jemeppe-onoz.be\/paroisse\/onoz\/wp-content\/uploads\/sites\/3\/2026\/08\/DSCF2650-1-768x512.jpg 768w, https:\/\/paroisse-jemeppe-onoz.be\/paroisse\/onoz\/wp-content\/uploads\/sites\/3\/2026\/08\/DSCF2650-1-300x200.jpg 300w, https:\/\/paroisse-jemeppe-onoz.be\/paroisse\/onoz\/wp-content\/uploads\/sites\/3\/2026\/08\/DSCF2650-1.jpg 1000w\" sizes=\"(max-width: 768px) 100vw, 768px\" \/>\t\t\t\t\t\t\t\t\t\t\t\t\t\t\t<\/div>\n\t\t\t\t\t<\/div>\n\t\t\t\t<\/div>\n\t\t<div class=\"elementor-element elementor-element-c599625 e-flex e-con-boxed e-con e-parent\" data-id=\"c599625\" data-element_type=\"container\" data-e-type=\"container\">\n\t\t\t\t\t<div class=\"e-con-inner\">\n\t\t\t\t<div class=\"elementor-element elementor-element-151d7ba elementor-widget elementor-widget-image\" data-id=\"151d7ba\" data-element_type=\"widget\" data-e-type=\"widget\" data-widget_type=\"image.default\">\n\t\t\t\t\t\t\t\t\t\t\t\t\t\t\t<img decoding=\"async\" width=\"768\" height=\"432\" src=\"https:\/\/paroisse-jemeppe-onoz.be\/paroisse\/onoz\/wp-content\/uploads\/sites\/3\/2026\/08\/20260815_114735-768x432.jpg\" class=\"attachment-medium_large size-medium_large wp-image-9621\" alt=\"\" srcset=\"https:\/\/paroisse-jemeppe-onoz.be\/paroisse\/onoz\/wp-content\/uploads\/sites\/3\/2026\/08\/20260815_114735-768x432.jpg 768w, https:\/\/paroisse-jemeppe-onoz.be\/paroisse\/onoz\/wp-content\/uploads\/sites\/3\/2026\/08\/20260815_114735-300x169.jpg 300w, https:\/\/paroisse-jemeppe-onoz.be\/paroisse\/onoz\/wp-content\/uploads\/sites\/3\/2026\/08\/20260815_114735.jpg 1000w\" sizes=\"(max-width: 768px) 100vw, 768px\" \/>\t\t\t\t\t\t\t\t\t\t\t\t\t\t\t<\/div>\n\t\t\t\t<div class=\"elementor-element elementor-element-e102033 elementor-widget elementor-widget-image\" data-id=\"e102033\" data-element_type=\"widget\" data-e-type=\"widget\" data-widget_type=\"image.default\">\n\t\t\t\t\t\t\t\t\t\t\t\t\t\t\t<img decoding=\"async\" width=\"768\" height=\"512\" src=\"https:\/\/paroisse-jemeppe-onoz.be\/paroisse\/onoz\/wp-content\/uploads\/sites\/3\/2026\/08\/DSCF2649-768x512.jpg\" class=\"attachment-medium_large size-medium_large wp-image-9625\" alt=\"\" srcset=\"https:\/\/paroisse-jemeppe-onoz.be\/paroisse\/onoz\/wp-content\/uploads\/sites\/3\/2026\/08\/DSCF2649-768x512.jpg 768w, https:\/\/paroisse-jemeppe-onoz.be\/paroisse\/onoz\/wp-content\/uploads\/sites\/3\/2026\/08\/DSCF2649-300x200.jpg 300w, https:\/\/paroisse-jemeppe-onoz.be\/paroisse\/onoz\/wp-content\/uploads\/sites\/3\/2026\/08\/DSCF2649.jpg 1000w\" sizes=\"(max-width: 768px) 100vw, 768px\" \/>\t\t\t\t\t\t\t\t\t\t\t\t\t\t\t<\/div>\n\t\t\t\t\t<\/div>\n\t\t\t\t<\/div>\n\t\t\t\t<\/div>\n\t\t","protected":false},"excerpt":{"rendered":"<p>Le 15 ao\u00fbt, comme chaque ann\u00e9e, la messe de l&rsquo;Assomption s&rsquo;est d\u00e9roul\u00e9e \u00e0 la chapelle de Montserrat. Le feuillet de la messe peut-\u00eatre consult\u00e9 ici.<\/p>\n","protected":false},"author":1,"featured_media":0,"comment_status":"open","ping_status":"open","sticky":false,"template":"","format":"standard","meta":{"_kad_post_transparent":"","_kad_post_title":"","_kad_post_layout":"","_kad_post_sidebar_id":"","_kad_post_content_style":"","_kad_post_vertical_padding":"","_kad_post_feature":"","_kad_post_feature_position":"","_kad_post_header":false,"_kad_post_footer":false,"_kad_post_classname":"","_jetpack_memberships_contains_paid_content":false,"footnotes":""},"categories":[40],"tags":[],"class_list":["post-9616","post","type-post","status-publish","format-standard","hentry","category-celebrations-particulieres"],"jetpack_featured_media_url":"","views":"","jetpack_sharing_enabled":true,"_links":{"self":[{"href":"https:\/\/paroisse-jemeppe-onoz.be\/paroisse\/onoz\/wp-json\/wp\/v2\/posts\/9616","targetHints":{"allow":["GET"]}}],"collection":[{"href":"https:\/\/paroisse-jemeppe-onoz.be\/paroisse\/onoz\/wp-json\/wp\/v2\/posts"}],"about":[{"href":"https:\/\/paroisse-jemeppe-onoz.be\/paroisse\/onoz\/wp-json\/wp\/v2\/types\/post"}],"author":[{"embeddable":true,"href":"https:\/\/paroisse-jemeppe-onoz.be\/paroisse\/onoz\/wp-json\/wp\/v2\/users\/1"}],"replies":[{"embeddable":true,"href":"https:\/\/paroisse-jemeppe-onoz.be\/paroisse\/onoz\/wp-json\/wp\/v2\/comments?post=9616"}],"version-history":[{"count":19,"href":"https:\/\/paroisse-jemeppe-onoz.be\/paroisse\/onoz\/wp-json\/wp\/v2\/posts\/9616\/revisions"}],"predecessor-version":[{"id":9640,"href":"https:\/\/paroisse-jemeppe-onoz.be\/paroisse\/onoz\/wp-json\/wp\/v2\/posts\/9616\/revisions\/9640"}],"wp:attachment":[{"href":"https:\/\/paroisse-jemeppe-onoz.be\/paroisse\/onoz\/wp-json\/wp\/v2\/media?parent=9616"}],"wp:term":[{"taxonomy":"category","embeddable":true,"href":"https:\/\/paroisse-jemeppe-onoz.be\/paroisse\/onoz\/wp-json\/wp\/v2\/categories?post=9616"},{"taxonomy":"post_tag","embeddable":true,"href":"https:\/\/paroisse-jemeppe-onoz.be\/paroisse\/onoz\/wp-json\/wp\/v2\/tags?post=9616"}],"curies":[{"name":"wp","href":"https:\/\/api.w.org\/{rel}","templated":true}]}}