{"id":11799,"date":"2026-09-02T18:09:56","date_gmt":"2026-09-02T16:09:56","guid":{"rendered":"https:\/\/paroisse-jemeppe-onoz.be\/paroisse\/jemeppe\/?p=11799"},"modified":"2026-09-02T18:14:12","modified_gmt":"2026-09-02T16:14:12","slug":"deces-en-septembre-2026","status":"publish","type":"post","link":"https:\/\/paroisse-jemeppe-onoz.be\/paroisse\/jemeppe\/2026\/09\/02\/deces-en-septembre-2026\/","title":{"rendered":"D\u00e9c\u00e8s en septembre 2026"},"content":{"rendered":"\t\t<div data-elementor-type=\"wp-post\" data-elementor-id=\"11799\" class=\"elementor elementor-11799\">\n\t\t\t\t<div class=\"elementor-element elementor-element-8ed31f9 e-con-full e-flex e-con e-child\" data-id=\"8ed31f9\" data-element_type=\"container\" data-e-type=\"container\" data-settings=\"{&quot;background_background&quot;:&quot;classic&quot;}\">\n\t\t\t\t<div class=\"elementor-element elementor-element-b6c609d elementor-widget elementor-widget-text-editor\" data-id=\"b6c609d\" data-element_type=\"widget\" data-e-type=\"widget\" data-widget_type=\"text-editor.default\">\n\t\t\t\t\t\t\t\t\t<p>Jean-Claude <strong>EVRARD<\/strong>,\u00a0<br \/>d\u00e9c\u00e9d\u00e9 \u00e0 Tamines le 1er septembre \u00e0 l&rsquo;\u00e2ge de 82 ans.<br \/>Rue Alnoir 48 \u00e0 Jemeppe-sur-Sambre<\/p><p><!-- \/wp:paragraph --><!-- wp:paragraph {\"style\":{\"typography\":{\"fontSize\":\"14px\"}}} --><\/p><p>Les absoutes seront c\u00e9l\u00e9br\u00e9es le mardi 8 septembre \u00e0 10h30 \u00e0 l&rsquo;\u00e9glise de Jemeppe-sur-Sambre.<\/p><p><!-- wp:paragraph {\"style\":{\"typography\":{\"fontSize\":\"14px\"}}} --><\/p><p><a href=\"https:\/\/www.defunt.be\/index.php?pageid=130&amp;action=details&amp;id=51449\" target=\"_blank\" rel=\"noreferrer noopener\">Faire-part<\/a><\/p>\t\t\t\t\t\t\t\t<\/div>\n\t\t\t\t<\/div>\n\t\t\t\t<\/div>\n\t\t","protected":false},"excerpt":{"rendered":"<p>Jean-Claude EVRARD,\u00a0d\u00e9c\u00e9d\u00e9 \u00e0 Tamines le 1er septembre \u00e0 l&rsquo;\u00e2ge de 82 ans.Rue Alnoir 48 \u00e0 Jemeppe-sur-Sambre Les absoutes seront c\u00e9l\u00e9br\u00e9es le mardi 8 septembre \u00e0 10h30 \u00e0 l&rsquo;\u00e9glise de Jemeppe-sur-Sambre. Faire-part<\/p>\n","protected":false},"author":1,"featured_media":0,"comment_status":"closed","ping_status":"open","sticky":false,"template":"","format":"standard","meta":{"_kad_post_transparent":"","_kad_post_title":"","_kad_post_layout":"","_kad_post_sidebar_id":"","_kad_post_content_style":"","_kad_post_vertical_padding":"","_kad_post_feature":"","_kad_post_feature_position":"","_kad_post_header":false,"_kad_post_footer":false,"_kad_post_classname":"","_jetpack_memberships_contains_paid_content":false,"footnotes":""},"categories":[7],"tags":[],"class_list":["post-11799","post","type-post","status-publish","format-standard","hentry","category-deces"],"jetpack_featured_media_url":"","views":"","jetpack_sharing_enabled":true,"_links":{"self":[{"href":"https:\/\/paroisse-jemeppe-onoz.be\/paroisse\/jemeppe\/wp-json\/wp\/v2\/posts\/11799","targetHints":{"allow":["GET"]}}],"collection":[{"href":"https:\/\/paroisse-jemeppe-onoz.be\/paroisse\/jemeppe\/wp-json\/wp\/v2\/posts"}],"about":[{"href":"https:\/\/paroisse-jemeppe-onoz.be\/paroisse\/jemeppe\/wp-json\/wp\/v2\/types\/post"}],"author":[{"embeddable":true,"href":"https:\/\/paroisse-jemeppe-onoz.be\/paroisse\/jemeppe\/wp-json\/wp\/v2\/users\/1"}],"replies":[{"embeddable":true,"href":"https:\/\/paroisse-jemeppe-onoz.be\/paroisse\/jemeppe\/wp-json\/wp\/v2\/comments?post=11799"}],"version-history":[{"count":4,"href":"https:\/\/paroisse-jemeppe-onoz.be\/paroisse\/jemeppe\/wp-json\/wp\/v2\/posts\/11799\/revisions"}],"predecessor-version":[{"id":11803,"href":"https:\/\/paroisse-jemeppe-onoz.be\/paroisse\/jemeppe\/wp-json\/wp\/v2\/posts\/11799\/revisions\/11803"}],"wp:attachment":[{"href":"https:\/\/paroisse-jemeppe-onoz.be\/paroisse\/jemeppe\/wp-json\/wp\/v2\/media?parent=11799"}],"wp:term":[{"taxonomy":"category","embeddable":true,"href":"https:\/\/paroisse-jemeppe-onoz.be\/paroisse\/jemeppe\/wp-json\/wp\/v2\/categories?post=11799"},{"taxonomy":"post_tag","embeddable":true,"href":"https:\/\/paroisse-jemeppe-onoz.be\/paroisse\/jemeppe\/wp-json\/wp\/v2\/tags?post=11799"}],"curies":[{"name":"wp","href":"https:\/\/api.w.org\/{rel}","templated":true}]}}