{"id":11761,"date":"2026-08-19T11:35:35","date_gmt":"2026-08-19T09:35:35","guid":{"rendered":"https:\/\/paroisse-jemeppe-onoz.be\/paroisse\/jemeppe\/?p=11761"},"modified":"2026-08-20T14:49:38","modified_gmt":"2026-08-20T12:49:38","slug":"messe-a-la-chapelle-saint-roch-3","status":"publish","type":"post","link":"https:\/\/paroisse-jemeppe-onoz.be\/paroisse\/jemeppe\/2026\/08\/19\/messe-a-la-chapelle-saint-roch-3\/","title":{"rendered":"Messe \u00e0 la chapelle Saint Roch"},"content":{"rendered":"\t\t<div data-elementor-type=\"wp-post\" data-elementor-id=\"11761\" class=\"elementor elementor-11761\">\n\t\t\t\t<div class=\"elementor-element elementor-element-c39de0a e-con e-atomic-element e-flexbox-base \" data-id=\"c39de0a\" data-element_type=\"e-flexbox\" data-e-type=\"e-flexbox\" data-interaction-id=\"c39de0a\">\n    \t\t\t<img fetchpriority=\"high\" decoding=\"async\" class=\"e-image-base e-d9df15e-b724093\" data-interaction-id=\"d9df15e\" id=\"11760\" src=\"https:\/\/paroisse-jemeppe-onoz.be\/paroisse\/jemeppe\/wp-content\/uploads\/sites\/4\/2026\/08\/stroch-768x576.jpg\" width=\"768\" height=\"576\" srcset=\"https:\/\/paroisse-jemeppe-onoz.be\/paroisse\/jemeppe\/wp-content\/uploads\/sites\/4\/2026\/08\/stroch-768x576.jpg 768w, https:\/\/paroisse-jemeppe-onoz.be\/paroisse\/jemeppe\/wp-content\/uploads\/sites\/4\/2026\/08\/stroch-300x225.jpg 300w, https:\/\/paroisse-jemeppe-onoz.be\/paroisse\/jemeppe\/wp-content\/uploads\/sites\/4\/2026\/08\/stroch-1024x768.jpg 1024w, https:\/\/paroisse-jemeppe-onoz.be\/paroisse\/jemeppe\/wp-content\/uploads\/sites\/4\/2026\/08\/stroch-1536x1152.jpg 1536w, https:\/\/paroisse-jemeppe-onoz.be\/paroisse\/jemeppe\/wp-content\/uploads\/sites\/4\/2026\/08\/stroch.jpg 1600w\" alt=\"\"\/>\t\t\n<\/div>\n<div class=\"elementor-element elementor-element-de5816f e-flex e-con-boxed e-con e-parent\" data-id=\"de5816f\" data-element_type=\"container\" data-e-type=\"container\">\n\t\t\t\t\t<div class=\"e-con-inner\">\n\t\t\t\t<div class=\"elementor-element elementor-element-108c1d1 elementor-widget elementor-widget-text-editor\" data-id=\"108c1d1\" data-element_type=\"widget\" data-e-type=\"widget\" data-widget_type=\"text-editor.default\">\n\t\t\t\t\t\t\t\t\t<p>Saint Roch \u00e9tait invoqu\u00e9 au moyen-\u00e2ge pour la rage et la peste,<br \/>fl\u00e9aux qui ont fait de nombreuses victimes au cours des si\u00e8cles.<br \/>C\u2019est pourquoi, dans nos r\u00e9gions, de nombreuses chapelles ont \u00e9t\u00e9 construites pour prier saint Roch.<br \/>La chapelle qui se trouve au croisement des rues Bas-W\u00e9richet et Alnoir, a \u00e9t\u00e9 reb\u00e2tie en 1845.<br \/>Pour plus d\u2019informations,\u00a0<span style=\"color: #000000;\"><a style=\"color: #000000;\" href=\"https:\/\/paroisse-jemeppe-onoz.be\/paroisse\/jemeppe\/wp-content\/uploads\/sites\/3\/2015\/07\/Chapelle-StRoch_Longpr%C3%A9_2015-07-28.pdf\"><span style=\"text-decoration: underline;\"><span style=\"color: #339966; text-decoration: underline;\"><strong>cliquez ici<\/strong><\/span>.<\/span><\/a><\/span><\/p><p>Le lundi 17 ao\u00fbt, lendemain du jour de la f\u00eate de saint Roch, une messe a \u00e9t\u00e9 c\u00e9l\u00e9br\u00e9e \u00e0 la chapelle.<\/p><div class=\"elementor-element elementor-element-707dee3 e-flex e-con-boxed e-con e-parent e-lazyloaded\" data-id=\"707dee3\" data-element_type=\"container\" data-e-type=\"container\"><div class=\"e-con-inner\"><div class=\"elementor-element elementor-element-4b57b86 elementor-widget elementor-widget-text-editor\" data-id=\"4b57b86\" data-element_type=\"widget\" data-e-type=\"widget\" data-widget_type=\"text-editor.default\"><p>Le feuillet de la messe peut-\u00eatre consult\u00e9 <span style=\"color: #339966;\"><strong><a style=\"color: #339966;\" href=\"https:\/\/paroisse-jemeppe-onoz.be\/paroisse\/jemeppe\/wp-content\/uploads\/sites\/4\/2026\/08\/StRoch_26.pdf\"><span style=\"text-decoration: underline;\">ici<\/span><\/a><\/strong><\/span>.<\/p><\/div><\/div><\/div><div class=\"elementor-element elementor-element-9b2bed7 e-flex e-con-boxed e-con e-parent e-lazyloaded\" data-id=\"9b2bed7\" data-element_type=\"container\" data-e-type=\"container\"><div class=\"e-con-inner\"><div class=\"elementor-element elementor-element-2dc394c elementor-widget elementor-widget-image\" data-id=\"2dc394c\" data-element_type=\"widget\" data-e-type=\"widget\" data-widget_type=\"image.default\">\u00a0<\/div><\/div><\/div>\t\t\t\t\t\t\t\t<\/div>\n\t\t\t\t\t<\/div>\n\t\t\t\t<\/div>\n\t\t\t\t<\/div>\n\t\t","protected":false},"excerpt":{"rendered":"<p>Saint Roch \u00e9tait invoqu\u00e9 au moyen-\u00e2ge pour la rage et la peste,fl\u00e9aux qui ont fait de nombreuses victimes au cours des si\u00e8cles.C\u2019est pourquoi, dans nos r\u00e9gions, de nombreuses chapelles ont \u00e9t\u00e9 construites pour prier saint Roch.La chapelle qui se trouve au croisement des rues Bas-W\u00e9richet et Alnoir, a \u00e9t\u00e9 reb\u00e2tie en 1845.Pour plus d\u2019informations,\u00a0cliquez ici. Le lundi 17 ao\u00fbt, lendemain du jour de la f\u00eate&#8230;<\/p>\n","protected":false},"author":1,"featured_media":0,"comment_status":"closed","ping_status":"open","sticky":false,"template":"","format":"standard","meta":{"_kad_post_transparent":"","_kad_post_title":"","_kad_post_layout":"","_kad_post_sidebar_id":"","_kad_post_content_style":"","_kad_post_vertical_padding":"","_kad_post_feature":"","_kad_post_feature_position":"","_kad_post_header":false,"_kad_post_footer":false,"_kad_post_classname":"","_jetpack_memberships_contains_paid_content":false,"footnotes":""},"categories":[39],"tags":[],"class_list":["post-11761","post","type-post","status-publish","format-standard","hentry","category-celebrations-particulieres"],"jetpack_featured_media_url":"","views":"","jetpack_sharing_enabled":true,"_links":{"self":[{"href":"https:\/\/paroisse-jemeppe-onoz.be\/paroisse\/jemeppe\/wp-json\/wp\/v2\/posts\/11761","targetHints":{"allow":["GET"]}}],"collection":[{"href":"https:\/\/paroisse-jemeppe-onoz.be\/paroisse\/jemeppe\/wp-json\/wp\/v2\/posts"}],"about":[{"href":"https:\/\/paroisse-jemeppe-onoz.be\/paroisse\/jemeppe\/wp-json\/wp\/v2\/types\/post"}],"author":[{"embeddable":true,"href":"https:\/\/paroisse-jemeppe-onoz.be\/paroisse\/jemeppe\/wp-json\/wp\/v2\/users\/1"}],"replies":[{"embeddable":true,"href":"https:\/\/paroisse-jemeppe-onoz.be\/paroisse\/jemeppe\/wp-json\/wp\/v2\/comments?post=11761"}],"version-history":[{"count":19,"href":"https:\/\/paroisse-jemeppe-onoz.be\/paroisse\/jemeppe\/wp-json\/wp\/v2\/posts\/11761\/revisions"}],"predecessor-version":[{"id":11785,"href":"https:\/\/paroisse-jemeppe-onoz.be\/paroisse\/jemeppe\/wp-json\/wp\/v2\/posts\/11761\/revisions\/11785"}],"wp:attachment":[{"href":"https:\/\/paroisse-jemeppe-onoz.be\/paroisse\/jemeppe\/wp-json\/wp\/v2\/media?parent=11761"}],"wp:term":[{"taxonomy":"category","embeddable":true,"href":"https:\/\/paroisse-jemeppe-onoz.be\/paroisse\/jemeppe\/wp-json\/wp\/v2\/categories?post=11761"},{"taxonomy":"post_tag","embeddable":true,"href":"https:\/\/paroisse-jemeppe-onoz.be\/paroisse\/jemeppe\/wp-json\/wp\/v2\/tags?post=11761"}],"curies":[{"name":"wp","href":"https:\/\/api.w.org\/{rel}","templated":true}]}}